{"id":14355,"date":"2021-03-06T12:34:29","date_gmt":"2021-03-06T12:34:29","guid":{"rendered":"https:\/\/av-exim.com\/uncategorized-cs\/forklift-fork-extensions-ausbau-uv\/"},"modified":"2025-12-04T12:38:11","modified_gmt":"2025-12-04T12:38:11","slug":"prodlouzene-vidle-vysokozdviznych-voz-ku-ausbau-uv","status":"publish","type":"post","link":"https:\/\/av-exim.com\/cs\/katalog\/pridavna-zarizeni-vzv\/prodlouzene-vidle-vysokozdviznych-voz-ku-ausbau-uv\/","title":{"rendered":"Prodlou\u017een\u00e9 vidle vysokozdvi\u017en\u00fdch voz\u00edk\u016f AUSBAU-UV"},"content":{"rendered":"<p>Prodlou\u017een\u00e9 vidle vysokozdvi\u017en\u00fdch voz\u00edk\u016f jsou ide\u00e1ln\u00ed pro bezpe\u010dnou p\u0159epravu nestandardn\u00edch n\u00e1klad\u016f, kter\u00e9 jsou del\u0161\u00ed ne\u017e standardn\u00ed. Sou\u010dasn\u011b je udr\u017eov\u00e1na ovladatelnost vozu, co\u017e umo\u017e\u0148uje pou\u017e\u00edvat skladov\u00e9 za\u0159\u00edzen\u00ed na 100%. Pomoc\u00ed na\u0161eho vybaven\u00ed m\u016f\u017eete pracovat s nestandardn\u00edm zat\u00ed\u017een\u00edm nadm\u011brn\u00fdch rozm\u011br\u016f.<\/p>\n<p><strong>P\u0159\u00edtomnost takov\u00fdch v\u00fdrobk\u016f ve va\u0161\u00ed spole\u010dnosti:<\/strong><\/p>\n<ul>\n<li>schopnost v\u00fdznamn\u011b roz\u0161\u00ed\u0159it funk\u010dnost zavad\u011b\u010de s minim\u00e1ln\u00edmi zdroji;<\/li>\n<li>rychl\u00e1 a spolehliv\u00e1 instalace;<\/li>\n<li>v\u00fdkonn\u00fd design;<\/li>\n<li>snadn\u00e1 obsluha a snadn\u00e1 \u00fadr\u017eba.<\/li>\n<\/ul>\n<p>Prodlou\u017een\u00e9 vidle vysokozdvi\u017en\u00fdch voz\u00edk\u016f AUSBAU se snadno upevn\u00ed na standardn\u00ed vidlice a upevn\u00ed se zaji\u0161\u0165ovac\u00edmi kol\u00edky, kter\u00e9 jsou sou\u010d\u00e1st\u00ed dod\u00e1vky.<\/p>\n<p>Prodlou\u017een\u00e9 vidle jsou vyrobeny z ocelov\u00e9ho plechu o tlou\u0161\u0165ce 5-8 mm se spodn\u00edmi nosn\u00fdmi deskami do tlou\u0161\u0165ky 10 mm. Zaokrouhlov\u00e1n\u00ed na konci umo\u017e\u0148uje p\u0159epravovat palety a jin\u00e9 v\u00fdrobky bez obav z po\u0161kozen\u00ed.<\/p>\n<p>Vzhledem k p\u0159\u00edtomnosti odn\u00edmateln\u00e9ho kol\u00edku m\u016f\u017ee \u0159idi\u010d vozu snadno um\u00edstit prodlu\u017eovac\u00ed \u0161\u0148\u016fru na vidlici vysokozdvi\u017en\u00e9ho voz\u00edku, spolehliv\u011b ji upevn\u00ed p\u0159ed sklouznut\u00edm z tlapky, kter\u00e1 spl\u0148uje nejp\u0159\u00edsn\u011bj\u0161\u00ed bezpe\u010dnostn\u00ed p\u0159edpisy pro pr\u00e1ci s t\u00edmto za\u0159\u00edzen\u00edm. Na\u0161e spole\u010dnost vyr\u00e1b\u00ed prodlou\u017een\u00e9 vidle pod minim\u00e1ln\u00edmi povolen\u00fdmi vzd\u00e1lenostmi, tak\u017ee pevn\u011b zakr\u00fdvaj\u00ed nativn\u00ed vidlice vidlicov\u00e9ho vysokozdvi\u017en\u00e9ho voz\u00edku bez \u201ech\u016fze\u201c v procesu nakl\u00e1d\u00e1n\u00ed a pohybu.<\/p>\n<p>Na\u0161im z\u00e1kazn\u00edk\u016fm nab\u00edz\u00edme jak standardn\u00ed modely, tak prodlu\u017eovac\u00ed vidlice v\u0161ech velikost\u00ed a tvar\u016f.<\/p>\n<h3><strong>Pro v\u00fdpo\u010det n\u00e1klad\u016f na v\u00fdrobu v\u00fdrobk\u016f pot\u0159ebujeme na va\u0161em naklada\u010di tyto informace:<\/strong><\/h3>\n<ul>\n<li>d\u00e9lka;<\/li>\n<li>\u0161\u00ed\u0159ka;<\/li>\n<li>tlou\u0161\u0165ka;<\/li>\n<li>po\u017eadovanou d\u00e9lku prodlou\u017een\u00ed vidlice.<\/li>\n<\/ul>\n<p>Nedoporu\u010dujeme prodlou\u017eit d\u00e9lku prodlou\u017een\u00ed o v\u00edce ne\u017e 67% oproti st\u00e1vaj\u00edc\u00ed vidlici.<br \/>\nL prodlou\u017een\u00ed \u2264 L vidlice * 1,67<\/p>\n<p><strong>Z\u00e1ru\u010dn\u00ed lh\u016fta<\/strong> &#8211; 6 m\u011bs\u00edc\u016f.<\/p>\n<p><strong>Shoda s CE.<\/strong><\/p>\n","protected":false},"excerpt":{"rendered":"<p>Prodlou\u017een\u00e9 vidle vysokozdvi\u017en\u00fdch voz\u00edk\u016f jsou ide\u00e1ln\u00ed pro bezpe\u010dnou p\u0159epravu nestandardn\u00edch n\u00e1klad\u016f, kter\u00e9 jsou del\u0161\u00ed ne\u017e standardn\u00ed. Sou\u010dasn\u011b je udr\u017eov\u00e1na ovladatelnost vozu, co\u017e umo\u017e\u0148uje pou\u017e\u00edvat skladov\u00e9 za\u0159\u00edzen\u00ed na 100%. Pomoc\u00ed na\u0161eho vybaven\u00ed m\u016f\u017eete pracovat s nestandardn\u00edm zat\u00ed\u017een\u00edm nadm\u011brn\u00fdch rozm\u011br\u016f. P\u0159\u00edtomnost takov\u00fdch v\u00fdrobk\u016f ve va\u0161\u00ed spole\u010dnosti: schopnost v\u00fdznamn\u011b roz\u0161\u00ed\u0159it funk\u010dnost zavad\u011b\u010de s minim\u00e1ln\u00edmi zdroji; rychl\u00e1 a spolehliv\u00e1 [&hellip;]<\/p>\n","protected":false},"author":1,"featured_media":154904,"comment_status":"open","ping_status":"open","sticky":false,"template":"single-catalog.php","format":"standard","meta":{"footnotes":""},"categories":[223],"tags":[],"class_list":["post-14355","post","type-post","status-publish","format-standard","has-post-thumbnail","hentry","category-pridavna-zarizeni-vzv"],"_links":{"self":[{"href":"https:\/\/av-exim.com\/cs\/wp-json\/wp\/v2\/posts\/14355","targetHints":{"allow":["GET"]}}],"collection":[{"href":"https:\/\/av-exim.com\/cs\/wp-json\/wp\/v2\/posts"}],"about":[{"href":"https:\/\/av-exim.com\/cs\/wp-json\/wp\/v2\/types\/post"}],"author":[{"embeddable":true,"href":"https:\/\/av-exim.com\/cs\/wp-json\/wp\/v2\/users\/1"}],"replies":[{"embeddable":true,"href":"https:\/\/av-exim.com\/cs\/wp-json\/wp\/v2\/comments?post=14355"}],"version-history":[{"count":8,"href":"https:\/\/av-exim.com\/cs\/wp-json\/wp\/v2\/posts\/14355\/revisions"}],"predecessor-version":[{"id":203827,"href":"https:\/\/av-exim.com\/cs\/wp-json\/wp\/v2\/posts\/14355\/revisions\/203827"}],"wp:featuredmedia":[{"embeddable":true,"href":"https:\/\/av-exim.com\/cs\/wp-json\/wp\/v2\/media\/154904"}],"wp:attachment":[{"href":"https:\/\/av-exim.com\/cs\/wp-json\/wp\/v2\/media?parent=14355"}],"wp:term":[{"taxonomy":"category","embeddable":true,"href":"https:\/\/av-exim.com\/cs\/wp-json\/wp\/v2\/categories?post=14355"},{"taxonomy":"post_tag","embeddable":true,"href":"https:\/\/av-exim.com\/cs\/wp-json\/wp\/v2\/tags?post=14355"}],"curies":[{"name":"wp","href":"https:\/\/api.w.org\/{rel}","templated":true}]}}